{"id":1336,"date":"2021-02-21T08:59:21","date_gmt":"2021-02-21T07:59:21","guid":{"rendered":"https:\/\/muenster-zu-fuss.de\/?p=1336"},"modified":"2021-03-04T18:53:39","modified_gmt":"2021-03-04T17:53:39","slug":"gehwegparken-an-der-max-winkelmann-strasse-update","status":"publish","type":"post","link":"https:\/\/muenster-zu-fuss.de\/wp-archiv\/2021\/02\/21\/gehwegparken-an-der-max-winkelmann-strasse-update\/","title":{"rendered":"Gehwegparken an der Max-Winkelmann-Stra\u00dfe &#8211; Update"},"content":{"rendered":"\n<p>20.02.2021: In die Briefk\u00e4sten der Anwohner\u00cfnnen der Max-Winkelmann-Stra\u00dfe wurde vom <a rel=\"noreferrer noopener\" href=\"http:\/\/www.stadt-muenster.de\/mobilitaet\" target=\"_blank\">Mobilit\u00e4tsb\u00fcro der Stadt M\u00fcnster<\/a> zum Thema Parken an &#8222;<em>Fahrradstra\u00dfen 2.0<\/em>&#8220; Informations-Flyer verteilt. Das Fahrradb\u00fcro M\u00fcnster bietet darin &#8222;<em>bis zu einer politischen Entscheidung<\/em>&#8220; an, &#8222;<em>sich \u00fcber die Ma\u00dfnahme zu informieren<\/em>&#8220; und ihm &#8222;Anregungen und Hinweise dazu mitzuteilen&#8220;.<\/p>\n\n\n\n<p><a href=\"https:\/\/muenster-zu-fuss.de\/2020\/10\/04\/gehwegparken-an-der-max-winkelmann-strasse\/\">M\u00fcnster zu Fu\u00df hatte hier bereits berichtet<\/a> und Vorfeld zur den sp\u00e4ter abgesagten Informationsveranstaltungen am 25. Okt. 2020 eine <a rel=\"noreferrer noopener\" href=\"https:\/\/cloud.muenster-zu-fuss.de\/index.php\/s\/jXZj5ncKMD6Z3DR\" target=\"_blank\">Pressemitteilung<\/a> geschrieben.<\/p>\n\n\n\n<h4 class=\"wp-block-heading\">Fahrradb\u00fcro antwortet nicht<\/h4>\n\n\n\n<p>Am 04. Oktober 2020 schrieb FUSS e.V. &#8211; auch auf Veranlassung eines seiner direkt betroffenen Mitglieder &#8211; eine <a rel=\"noreferrer noopener\" href=\"https:\/\/cloud.muenster-zu-fuss.de\/index.php\/s\/WYkXaNZyqg4cTn9\" target=\"_blank\">Anregung an das Fahrradb\u00fcro M\u00fcnster<\/a>, die bis heute unbeantwortet blieb<sup>*)<\/sup>. Wir werden das Geschehen rund um alle Fahrradstra\u00dfen in M\u00fcnster mit Blick auf die Situation f\u00fcr zu Fu\u00df Gehende weiter kritisch begleiten und uns in die Prozesse und Diskussionen einbringen.<\/p>\n\n\n\n<p>*) Nachtrag: Zum aktuellen Prozess hat uns das Fahrradb\u00fcro am 03. M\u00e4rz initiativ um eine Stellungnahme gebeten &#8211; dem sind wir gern nachgekommen und haben unsere Anregung vom 04. Oktober 2020 noch einmal verschickt.<\/p>\n\n\n\n<figure class=\"wp-block-gallery columns-2 is-cropped wp-block-gallery-1 is-layout-flex wp-block-gallery-is-layout-flex\"><ul class=\"blocks-gallery-grid\"><li class=\"blocks-gallery-item\"><figure><img decoding=\"async\" src=\"https:\/\/cloud.muenster-zu-fuss.de\/index.php\/s\/bk98QrfMLXN6fHg\/preview\" alt=\"\" data-full-url=\"https:\/\/muenster-zu-fuss.de\/wp-content\/uploads\/2021\/02\/Max-Winkelmann-Str.-Info-Stadt-Muenster-1-scaled.jpg\" data-link=\"https:\/\/muenster-zu-fuss.de\/max-winkelmann-str-info-stadt-muenster-1\/\"\/><\/figure><\/li><li class=\"blocks-gallery-item\"><figure><img decoding=\"async\" src=\"https:\/\/cloud.muenster-zu-fuss.de\/index.php\/s\/3mEDgEPoPbGpZHL\/preview\" alt=\"\" data-full-url=\"https:\/\/muenster-zu-fuss.de\/wp-content\/uploads\/2021\/02\/Max-Winkelmann-Str.-Info-Stadt-Muenster-2.jpg\" data-link=\"https:\/\/muenster-zu-fuss.de\/max-winkelmann-str-info-stadt-muenster-2\/\"\/><\/figure><\/li><\/ul><figcaption class=\"blocks-gallery-caption\">Informations-Flyer der Stadt M\u00fcnster zum Parken an der Fahrradstra\u00dfe Max-Winkelmann-Stra\u00dfe<\/figcaption><\/figure>\n\n\n\n<p>Titelbild: Screenshot vom Bild 2 der <a rel=\"noreferrer noopener\" href=\"https:\/\/www.stadt-muenster.de\/verkehrsplanung\/mit-dem-rad\/fahrradstrassen\/max-winkelmann-strasse.html\" target=\"_blank\">Bestandssituation Max-Winkelmann-Stra\u00dfe<\/a>.<\/p>\n","protected":false},"excerpt":{"rendered":"<p>20.02.2021: In die Briefk\u00e4sten der Anwohner\u00cfnnen der Max-Winkelmann-Stra\u00dfe wurde vom Mobilit\u00e4tsb\u00fcro der Stadt M\u00fcnster zum Thema Parken an &#8222;Fahrradstra\u00dfen 2.0&#8220;<\/p>\n","protected":false},"author":3,"featured_media":1342,"comment_status":"open","ping_status":"open","sticky":false,"template":"","format":"standard","meta":{"footnotes":""},"categories":[1,8],"tags":[32,29],"class_list":["post-1336","post","type-post","status-publish","format-standard","has-post-thumbnail","hentry","category-muenster","category-verkehrspolitik","tag-gehwege-an-fahrradstrassen","tag-max-winkelmann-strasse"],"_links":{"self":[{"href":"https:\/\/muenster-zu-fuss.de\/wp-archiv\/wp-json\/wp\/v2\/posts\/1336","targetHints":{"allow":["GET"]}}],"collection":[{"href":"https:\/\/muenster-zu-fuss.de\/wp-archiv\/wp-json\/wp\/v2\/posts"}],"about":[{"href":"https:\/\/muenster-zu-fuss.de\/wp-archiv\/wp-json\/wp\/v2\/types\/post"}],"author":[{"embeddable":true,"href":"https:\/\/muenster-zu-fuss.de\/wp-archiv\/wp-json\/wp\/v2\/users\/3"}],"replies":[{"embeddable":true,"href":"https:\/\/muenster-zu-fuss.de\/wp-archiv\/wp-json\/wp\/v2\/comments?post=1336"}],"version-history":[{"count":13,"href":"https:\/\/muenster-zu-fuss.de\/wp-archiv\/wp-json\/wp\/v2\/posts\/1336\/revisions"}],"predecessor-version":[{"id":1432,"href":"https:\/\/muenster-zu-fuss.de\/wp-archiv\/wp-json\/wp\/v2\/posts\/1336\/revisions\/1432"}],"wp:featuredmedia":[{"embeddable":true,"href":"https:\/\/muenster-zu-fuss.de\/wp-archiv\/wp-json\/wp\/v2\/media\/1342"}],"wp:attachment":[{"href":"https:\/\/muenster-zu-fuss.de\/wp-archiv\/wp-json\/wp\/v2\/media?parent=1336"}],"wp:term":[{"taxonomy":"category","embeddable":true,"href":"https:\/\/muenster-zu-fuss.de\/wp-archiv\/wp-json\/wp\/v2\/categories?post=1336"},{"taxonomy":"post_tag","embeddable":true,"href":"https:\/\/muenster-zu-fuss.de\/wp-archiv\/wp-json\/wp\/v2\/tags?post=1336"}],"curies":[{"name":"wp","href":"https:\/\/api.w.org\/{rel}","templated":true}]}}