{"id":1473,"date":"2021-04-16T19:07:55","date_gmt":"2021-04-16T17:07:55","guid":{"rendered":"https:\/\/muenster-zu-fuss.de\/?p=1473"},"modified":"2021-04-16T19:19:47","modified_gmt":"2021-04-16T17:19:47","slug":"verkehrsminister-zufussgehen-soll-sicherer-werden","status":"publish","type":"post","link":"https:\/\/muenster-zu-fuss.de\/wp-archiv\/2021\/04\/16\/verkehrsminister-zufussgehen-soll-sicherer-werden\/","title":{"rendered":"Verkehrsminister: Zufu\u00dfgehen soll sicherer werden"},"content":{"rendered":"\n<h2 class=\"wp-block-heading\">L\u00e4nderminister f\u00fcr mehr Tempo 30, Zebrastreifen und autofreie Gehwege<\/h2>\n\n\n\n<h4 class=\"wp-block-heading\">Pressemitteilung von FUSS e.V. Fachverband Fu\u00dfverkehr Deutschland<\/h4>\n\n\n\n<p>(16.4.2021) Die Verkehrsministerkonferenz der 16 Bundesl\u00e4nder hat heute (16.4.) ein Reformpaket auf den Weg gebracht, mit dem das Gehen sicherer, z\u00fcgiger und angenehmer werden soll. \u201eDer Fu\u00dfverkehr wird gest\u00e4rkt und als gleichberechtigter Verkehrsmodus anerkannt\u201c, hei\u00dft es im einstimmig beschlossenen Papier. Wer f\u00e4hrt, soll mehr R\u00fccksicht nehmen: \u201eDie Sicherheit aller Verkehrsteilnehmenden geht der Fl\u00fcssigkeit des Fahrverkehrs vor.\u201c<\/p>\n\n\n\n<p>Die L\u00e4nderminister wollen mehr Tempo 30 auch auf Hauptverkehrsstra\u00dfen, vor allem auf Schulwegen und f\u00fcr Stra\u00dfenabschnitte zwischen sensiblen Einrichtungen wie Schulen, Altenheime und Kinderg\u00e4rten. Zebrastreifen sollen leichter und h\u00e4ufiger markiert werden k\u00f6nnen. Das Parken auf Gehwegen soll nur noch erlaubt sein, wenn mindestens 1,80 Meter Breite frei bleiben. Wenn ein Gehweg etwa wegen Sch\u00e4den, Falschparkern oder fehlender Beleuchtung nicht benutzbar ist, darf auch neben ihm auf der Fahrbahn gegangen werden.<\/p>\n\n\n\n<p>Das Papier der Verkehrsministerkonferenz ist Grundlage f\u00fcr eine Reform der Stra\u00dfenverkehrsordnung und anderer Regeln, die nach der Bundestagswahl in Gang kommen sollen. Der Fu\u00dfg\u00e4nger-Interessenverband Fuss e.V. begr\u00fc\u00dft den Vorsto\u00df. \u201eEs ist ein kleiner Schritt auf dem Papier, aus dem ein gro\u00dfer Schritt f\u00fcr die 80 Millionen Gehenden im Land werden kann\u201c, sagt Sprecher Roland Stimpel. \u201eNach hundert Jahren Benachteiligung geht dies endlich in die richtige Richtung. Besonders \u00e4ltere Menschen, Kinder und Behinderte brauchen freie Wege und sichere Kreuzungen.\u201c<\/p>\n\n\n\n<p>Fuss e.V. hatte im Vorjahr ein Papier \u201eVerkehrsrecht auf die F\u00fc\u00dfe stellen\u201c publiziert. \u201eDaraus hat die Verkehrsministerkonferenz wesentliche Forderungen \u00fcbernommen\u201c, sagt Stimpel und hebt die Arbeit der Bremer Verkehrssenatorin Maike Schaefer hervor: \u201eSie hat den Prozess in Gang gesetzt und energisch vorangetrieben. Jetzt hoffen wir, dass nach der Wahl im September auch das Bundes-Verkehrsministerium fu\u00dfg\u00e4ngerfreundlich gef\u00fchrt wird und die Reformvorschl\u00e4ge umsetzt.\u201c<\/p>\n\n\n\n<p><a href=\"https:\/\/www.fuss-ev.de\/?view=article&amp;id=823:mehr-tempo-30-zebrastreifen-unbeparkte-gehwege&amp;catid=83\" target=\"_blank\" rel=\"noreferrer noopener\">Genauere Informationen, was die Minister\/innen beschlossen haben, erhalten Sie hier.<\/a><\/p>\n","protected":false},"excerpt":{"rendered":"<p>L\u00e4nderminister f\u00fcr mehr Tempo 30, Zebrastreifen und autofreie Gehwege Pressemitteilung von FUSS e.V. Fachverband Fu\u00dfverkehr Deutschland (16.4.2021) Die Verkehrsministerkonferenz der<\/p>\n","protected":false},"author":3,"featured_media":0,"comment_status":"open","ping_status":"open","sticky":false,"template":"","format":"standard","meta":{"footnotes":""},"categories":[8],"tags":[37],"class_list":["post-1473","post","type-post","status-publish","format-standard","hentry","category-verkehrspolitik","tag-verhalten","comments-off"],"_links":{"self":[{"href":"https:\/\/muenster-zu-fuss.de\/wp-archiv\/wp-json\/wp\/v2\/posts\/1473","targetHints":{"allow":["GET"]}}],"collection":[{"href":"https:\/\/muenster-zu-fuss.de\/wp-archiv\/wp-json\/wp\/v2\/posts"}],"about":[{"href":"https:\/\/muenster-zu-fuss.de\/wp-archiv\/wp-json\/wp\/v2\/types\/post"}],"author":[{"embeddable":true,"href":"https:\/\/muenster-zu-fuss.de\/wp-archiv\/wp-json\/wp\/v2\/users\/3"}],"replies":[{"embeddable":true,"href":"https:\/\/muenster-zu-fuss.de\/wp-archiv\/wp-json\/wp\/v2\/comments?post=1473"}],"version-history":[{"count":4,"href":"https:\/\/muenster-zu-fuss.de\/wp-archiv\/wp-json\/wp\/v2\/posts\/1473\/revisions"}],"predecessor-version":[{"id":1478,"href":"https:\/\/muenster-zu-fuss.de\/wp-archiv\/wp-json\/wp\/v2\/posts\/1473\/revisions\/1478"}],"wp:attachment":[{"href":"https:\/\/muenster-zu-fuss.de\/wp-archiv\/wp-json\/wp\/v2\/media?parent=1473"}],"wp:term":[{"taxonomy":"category","embeddable":true,"href":"https:\/\/muenster-zu-fuss.de\/wp-archiv\/wp-json\/wp\/v2\/categories?post=1473"},{"taxonomy":"post_tag","embeddable":true,"href":"https:\/\/muenster-zu-fuss.de\/wp-archiv\/wp-json\/wp\/v2\/tags?post=1473"}],"curies":[{"name":"wp","href":"https:\/\/api.w.org\/{rel}","templated":true}]}}