{"id":1561,"date":"2021-07-24T13:43:38","date_gmt":"2021-07-24T11:43:38","guid":{"rendered":"https:\/\/muenster-zu-fuss.de\/?p=1561"},"modified":"2021-07-27T06:06:28","modified_gmt":"2021-07-27T04:06:28","slug":"stadtspaziergang-hammer-strasse-mit-josefine-paul","status":"publish","type":"post","link":"https:\/\/muenster-zu-fuss.de\/wp-archiv\/2021\/07\/24\/stadtspaziergang-hammer-strasse-mit-josefine-paul\/","title":{"rendered":"Stadtspaziergang Hammer Stra\u00dfe mit Josefine Paul (MdL) und Maria Klein-Schmeink (MdB)"},"content":{"rendered":"\n<p>Ein Beitrag von FUSS e.V. Mitglied Ralph Klom<\/p>\n\n\n\n<p>Am 22.07.2021 hatte unsere Ortsgruppe Besuch: Aus dem Deutschen Bundestag Maria Klein-Schmeink MdB und aus dem Landtag NRW Josefine Paul MdL. Beide Abgeordnetinnen aus der Partei DIE GR\u00dcNEN wollten bei einem gemeinsamen Spaziergang durch M\u00fcnsters Innenstadt die Sicht von FUSS e.V. auf die Qualit\u00e4t des Fu\u00dfverkehrs kennenlernen. Klar, dass wir dazu nicht den Prinzipalmarkt gew\u00e4hlt haben, sondern eine Stra\u00dfe quer durch das ehemalige Arbeitermilieu des S\u00fcdviertels, die Hammer Stra\u00dfe.<\/p>\n\n\n\n<p>Wir begannen um Punkt 18:00 Uhr den Rundgang vor dem Stadthaus II am Ludgeriplatz. Thorsten begr\u00fc\u00dfte die kleine Gruppe aus F\u00dcSSlern und weiteren Mitgliedern der GR\u00dcNEN in M\u00fcnster, die sich \u00fcber den Besuch ihrer Abgeordnetinnen sichtlich freuten. Obwohl der Feierabendverkehr auf M\u00fcnsters Drehscheibe des motorisierten Verkehrs schon abgeflaut war, konnte die kurze Vorstellungsrunde nur mit kr\u00e4ftigen Stimmen durchgef\u00fchrt werden.<\/p>\n\n\n\n<p>Dann ging es \u00fcber den <a href=\"https:\/\/geh-recht.de\/zebrastreifen\" target=\"_blank\" rel=\"noreferrer noopener\">Zebrastreifen<\/a> der Hammer Stra\u00dfe, bei dem \u2013 in M\u00fcnster eher die Ausnahme \u2013 die Fahrbahnmarkierung sogar auch die beidseitigen Radwege erfasste. Auf einem zun\u00e4chst ausreichend breiten Gehweg zeigte sich die Hammer Stra\u00dfe mit ihren pr\u00e4chtigen B\u00e4umen zun\u00e4chst von ihrer guten Seite, die Stra\u00dfe hat \u2013 jedenfalls bis zur Einm\u00fcndung der Geiststra\u00dfe &#8211; das Potenzial zu einer Flaniermeile mit Gesch\u00e4ften, deren Schaufenster zum Verweilen einladen und viel Gastronomie mit Au\u00dfenpl\u00e4tzen. Ein an sich perfekter \u201eBroadway\u201c und mit mehreren Superm\u00e4rkten auch Nahversorger f\u00fcr die Anwohner des S\u00fcdviertels, des Antoniusviertels und des Geistviertels. Alles in 15 Minuten ohne Auto erreichbar. Und trotzdem braust der Verkehr durch die Hammer Stra\u00dfe, wie fr\u00fcher, als sie noch Bundesstra\u00dfe war. \u00dcberwiegend Durchgangsverkehr, ohne positive Relevanz f\u00fcr Anwohnende und Kaufleute.<\/p>\n\n\n\n<p>Die Breite des Fu\u00dfweges l\u00e4dt nat\u00fcrlich dazu ein, die reichlich vorhandenen Fahrr\u00e4der abzustellen, was allerdings das Flanieren erschwert. Es w\u00e4re einfach kl\u00fcger, die R\u00e4der als Bestandteil des rollenden Verkehrs an den Fahrbahnr\u00e4ndern zu parken, wo die Parkbuchten jedoch f\u00fcr den motorisierten Parkverkehr reserviert sind. Tags\u00fcber immerhin bewirtschaftet mittels Parkscheinautomaten, zum Nachteil der Gehwege in den Nebenstra\u00dfen, auf denen viele \u2013 nicht nur ausw\u00e4rtige \u2013 Fahrzeuge stehen. Leider stehen auch die L\u00e4rmemissionen des Autoverkehrs einem erholsamen Flanieren entgegen. Das merken wir zunehmend bei dem Versuch, allen Teilnehmern unserer kleinen Gruppe erkl\u00e4rende Hinweise zu geben. An den Bushaltestellen wird deutlich wie hilfreich es w\u00e4re, wenn die Radfahrenden hinter den Bussen warten oder links an ihnen vorbeifahren w\u00fcrden. Das Ein- und insbesondere Aussteigen w\u00fcrde viel von seinem Schrecken verlieren.<\/p>\n\n\n\n<p>In den Seitenstra\u00dfen wird es f\u00fcr zu Fu\u00df Gehende dann sehr eng. Auf den sehr schmalen Gehwegen teilen sie sich den knappen Platz mit M\u00fclltonnen und abgestellten Fahrr\u00e4dern. Manchmal stehen auch Blumenk\u00fcbel im Weg, die in dem verst\u00e4ndlichen Bem\u00fchen aufgestellt wurden, Gehwegparken von PKW zu verhindern. Womit wir beim eigentlichen Thema sind: In M\u00fcnster ist das Gehwegparken eine Unsitte, die nur selten geahndet wird. <a href=\"https:\/\/muenster-zu-fuss.de\/2020\/08\/24\/duldung-des-pkw-parkens-auf-gehwegen-aufheben\/\">Fu\u00dfgehende haben nach vielfacher Ansicht genug Platz<\/a>, wenn sie die ihnen verbleibenden L\u00fccken im G\u00e4nsemarsch bew\u00e4ltigen, bei Gegenverkehr h\u00f6flich aufeinander warten oder in die Fahrbahn ausweichen. Hier wurde bei den Teilnehmenden der Ruf nach Shared Spaces\/<a rel=\"noreferrer noopener\" href=\"https:\/\/de.wikipedia.org\/wiki\/Begegnungszone\" target=\"_blank\">Begegnungszonen<\/a> und einer Reduktion des Parkens auf der Stra\u00dfe und der zul\u00e4ssigen H\u00f6chstgeschwindigkeit von Tempo 20 in Nebenstra\u00dfen laut, um die Stra\u00dfen insbesondere auch f\u00fcr Kinder, Kinderwagen und Personen mit Seh- und Bewegungseinschr\u00e4nkungen attraktiver zu gestalten und zu beleben.<\/p>\n\n\n\n<figure class=\"wp-block-gallery columns-3 is-cropped wp-block-gallery-1 is-layout-flex wp-block-gallery-is-layout-flex\"><ul class=\"blocks-gallery-grid\"><li class=\"blocks-gallery-item\"><figure><img loading=\"lazy\" decoding=\"async\" width=\"1024\" height=\"768\" src=\"https:\/\/muenster-zu-fuss.de\/wp-content\/uploads\/2021\/07\/20210705_190424-1024x768.jpg\" alt=\"\" data-id=\"1581\" data-full-url=\"https:\/\/muenster-zu-fuss.de\/wp-content\/uploads\/2021\/07\/20210705_190424-scaled.jpg\" data-link=\"https:\/\/muenster-zu-fuss.de\/20210705_190424\/\" class=\"wp-image-1581\" srcset=\"https:\/\/muenster-zu-fuss.de\/wp-archiv\/wp-content\/uploads\/2021\/07\/20210705_190424-1024x768.jpg 1024w, https:\/\/muenster-zu-fuss.de\/wp-archiv\/wp-content\/uploads\/2021\/07\/20210705_190424-300x225.jpg 300w, https:\/\/muenster-zu-fuss.de\/wp-archiv\/wp-content\/uploads\/2021\/07\/20210705_190424-768x576.jpg 768w, https:\/\/muenster-zu-fuss.de\/wp-archiv\/wp-content\/uploads\/2021\/07\/20210705_190424-1536x1152.jpg 1536w, https:\/\/muenster-zu-fuss.de\/wp-archiv\/wp-content\/uploads\/2021\/07\/20210705_190424-2048x1536.jpg 2048w, https:\/\/muenster-zu-fuss.de\/wp-archiv\/wp-content\/uploads\/2021\/07\/20210705_190424-600x450.jpg 600w\" sizes=\"auto, (max-width: 1024px) 100vw, 1024px\" \/><\/figure><\/li><li class=\"blocks-gallery-item\"><figure><img loading=\"lazy\" decoding=\"async\" width=\"1024\" height=\"768\" src=\"https:\/\/muenster-zu-fuss.de\/wp-content\/uploads\/2021\/07\/20210705_190237-1024x768.jpg\" alt=\"\" data-id=\"1580\" data-full-url=\"https:\/\/muenster-zu-fuss.de\/wp-content\/uploads\/2021\/07\/20210705_190237-scaled.jpg\" data-link=\"https:\/\/muenster-zu-fuss.de\/20210705_190237\/\" class=\"wp-image-1580\" srcset=\"https:\/\/muenster-zu-fuss.de\/wp-archiv\/wp-content\/uploads\/2021\/07\/20210705_190237-1024x768.jpg 1024w, https:\/\/muenster-zu-fuss.de\/wp-archiv\/wp-content\/uploads\/2021\/07\/20210705_190237-300x225.jpg 300w, https:\/\/muenster-zu-fuss.de\/wp-archiv\/wp-content\/uploads\/2021\/07\/20210705_190237-768x576.jpg 768w, https:\/\/muenster-zu-fuss.de\/wp-archiv\/wp-content\/uploads\/2021\/07\/20210705_190237-1536x1152.jpg 1536w, https:\/\/muenster-zu-fuss.de\/wp-archiv\/wp-content\/uploads\/2021\/07\/20210705_190237-2048x1536.jpg 2048w, https:\/\/muenster-zu-fuss.de\/wp-archiv\/wp-content\/uploads\/2021\/07\/20210705_190237-600x450.jpg 600w\" sizes=\"auto, (max-width: 1024px) 100vw, 1024px\" \/><\/figure><\/li><li class=\"blocks-gallery-item\"><figure><img loading=\"lazy\" decoding=\"async\" width=\"1024\" height=\"768\" src=\"https:\/\/muenster-zu-fuss.de\/wp-content\/uploads\/2021\/07\/20210705_183611-1024x768.jpg\" alt=\"\" data-id=\"1573\" data-full-url=\"https:\/\/muenster-zu-fuss.de\/wp-content\/uploads\/2021\/07\/20210705_183611-scaled.jpg\" data-link=\"https:\/\/muenster-zu-fuss.de\/?attachment_id=1573\" class=\"wp-image-1573\" srcset=\"https:\/\/muenster-zu-fuss.de\/wp-archiv\/wp-content\/uploads\/2021\/07\/20210705_183611-1024x768.jpg 1024w, https:\/\/muenster-zu-fuss.de\/wp-archiv\/wp-content\/uploads\/2021\/07\/20210705_183611-300x225.jpg 300w, https:\/\/muenster-zu-fuss.de\/wp-archiv\/wp-content\/uploads\/2021\/07\/20210705_183611-768x576.jpg 768w, https:\/\/muenster-zu-fuss.de\/wp-archiv\/wp-content\/uploads\/2021\/07\/20210705_183611-1536x1152.jpg 1536w, https:\/\/muenster-zu-fuss.de\/wp-archiv\/wp-content\/uploads\/2021\/07\/20210705_183611-2048x1536.jpg 2048w, https:\/\/muenster-zu-fuss.de\/wp-archiv\/wp-content\/uploads\/2021\/07\/20210705_183611-600x450.jpg 600w\" sizes=\"auto, (max-width: 1024px) 100vw, 1024px\" \/><\/figure><\/li><li class=\"blocks-gallery-item\"><figure><img loading=\"lazy\" decoding=\"async\" width=\"1024\" height=\"576\" src=\"https:\/\/muenster-zu-fuss.de\/wp-content\/uploads\/2021\/07\/20210705_183619-scaled-e1627129231499-1024x576.jpg\" alt=\"\" data-id=\"1583\" data-full-url=\"https:\/\/muenster-zu-fuss.de\/wp-content\/uploads\/2021\/07\/20210705_183619-scaled-e1627129231499.jpg\" data-link=\"https:\/\/muenster-zu-fuss.de\/?attachment_id=1583\" class=\"wp-image-1583\" srcset=\"https:\/\/muenster-zu-fuss.de\/wp-archiv\/wp-content\/uploads\/2021\/07\/20210705_183619-scaled-e1627129231499-1024x576.jpg 1024w, https:\/\/muenster-zu-fuss.de\/wp-archiv\/wp-content\/uploads\/2021\/07\/20210705_183619-scaled-e1627129231499-300x169.jpg 300w, https:\/\/muenster-zu-fuss.de\/wp-archiv\/wp-content\/uploads\/2021\/07\/20210705_183619-scaled-e1627129231499-768x432.jpg 768w, https:\/\/muenster-zu-fuss.de\/wp-archiv\/wp-content\/uploads\/2021\/07\/20210705_183619-scaled-e1627129231499-1536x864.jpg 1536w, https:\/\/muenster-zu-fuss.de\/wp-archiv\/wp-content\/uploads\/2021\/07\/20210705_183619-scaled-e1627129231499-2048x1152.jpg 2048w, https:\/\/muenster-zu-fuss.de\/wp-archiv\/wp-content\/uploads\/2021\/07\/20210705_183619-scaled-e1627129231499-1360x765.jpg 1360w\" sizes=\"auto, (max-width: 1024px) 100vw, 1024px\" \/><\/figure><\/li><\/ul><\/figure>\n\n\n\n<p>Zur\u00fcck auf der Hammer Stra\u00dfe erlebten wird dann an der Baustelle Ecke Burgstra\u00dfe einen Schildb\u00fcrgerstreich des Tiefbauamtes. In dem Bestreben, den motorisierten Verkehr flie\u00dfend zu erhalten \u2013 was jedenfalls bez\u00fcglich der Linienbusse ehrenhaft ist \u2013 wurden Radfahrende zu den Fu\u00dfgehende auf den Gehweg gezwungen und engstem Raum zusammengezw\u00e4ngt. Das f\u00fchrte zu laufenden Konflikten, die mal mehr \u2013 mal weniger freundlich gel\u00f6st wurden. Wie einfach w\u00e4re es gewesen, den Radverkehr links an der Baustelle vorbei in den munter flie\u00dfenden Autoverkehr umzuleiten und diesen zu ihrer Sicherheit auf Tempo 30 zu reduzieren.<\/p>\n\n\n\n<figure class=\"wp-block-image size-large\"><img loading=\"lazy\" decoding=\"async\" width=\"2560\" height=\"1440\" src=\"https:\/\/muenster-zu-fuss.de\/wp-content\/uploads\/2021\/07\/20210705_195321-edited-scaled.jpg\" alt=\"\" class=\"wp-image-1589\" srcset=\"https:\/\/muenster-zu-fuss.de\/wp-archiv\/wp-content\/uploads\/2021\/07\/20210705_195321-edited-scaled.jpg 2560w, https:\/\/muenster-zu-fuss.de\/wp-archiv\/wp-content\/uploads\/2021\/07\/20210705_195321-edited-300x169.jpg 300w, https:\/\/muenster-zu-fuss.de\/wp-archiv\/wp-content\/uploads\/2021\/07\/20210705_195321-edited-1024x576.jpg 1024w, https:\/\/muenster-zu-fuss.de\/wp-archiv\/wp-content\/uploads\/2021\/07\/20210705_195321-edited-768x432.jpg 768w, https:\/\/muenster-zu-fuss.de\/wp-archiv\/wp-content\/uploads\/2021\/07\/20210705_195321-edited-1536x864.jpg 1536w, https:\/\/muenster-zu-fuss.de\/wp-archiv\/wp-content\/uploads\/2021\/07\/20210705_195321-edited-2048x1152.jpg 2048w, https:\/\/muenster-zu-fuss.de\/wp-archiv\/wp-content\/uploads\/2021\/07\/20210705_195321-edited-1360x765.jpg 1360w\" sizes=\"auto, (max-width: 2560px) 100vw, 2560px\" \/><\/figure>\n\n\n\n<p>Sitzgelegenheiten f\u00fcr Flanierende bietet die Hammer Stra\u00dfe reichlich, allerdings geh\u00f6ren sie gastronomischen Betrieben, die daf\u00fcr Ums\u00e4tze erwarten d\u00fcrfen, die nicht alle zu erbringen willens oder in der Lage sind. Da wurde seitens unserer G\u00e4ste auch die Frage nach \u00f6ffentlichen Toiletten gestellt, woraus sich eine rege Diskussion entwickelte. Ein probates Mittel schien uns im Ergebnis zu sein, dass die Stadt Abkommen mit Gastronomen trifft, die bereit sind, gegen einen vertretbaren Obolus die Nutzung ihrer Toiletten auch f\u00fcr Nichtg\u00e4ste zuzulassen und dies mit einem kleinen Plakat am Eingang kundtun.<\/p>\n\n\n\n<p>Ein Schlenker zur Geiststra\u00dfe machte uns zun\u00e4chst auf neu installierte Fahrradb\u00fcgel aufmerksam, die auf den Gehwegen quer zur Laufrichtung montiert waren. Platz daf\u00fcr war zwar vorhanden \u2013 allerdings auch in den Park(!)buchten der Geiststra\u00dfe. Gemeinsam stellten wir jedenfalls fest, dass die Radstellpl\u00e4tze f\u00fcr Lastenr\u00e4der mit \u00dcberl\u00e4nge wie f\u00fcr R\u00e4der mit Kinder- oder Lastenanh\u00e4nger unbrauchbar sind, weil dadurch der Gehweg komplett blockiert w\u00e4re. Etwas intelligenter erschienen da ein St\u00fcck weiter diagonal zum Gehweg angebrachte B\u00fcgel.<\/p>\n\n\n\n<figure class=\"wp-block-image size-large\"><img loading=\"lazy\" decoding=\"async\" width=\"2560\" height=\"1440\" src=\"https:\/\/muenster-zu-fuss.de\/wp-content\/uploads\/2021\/07\/20210705_190623-edited-scaled.jpg\" alt=\"\" class=\"wp-image-1585\" srcset=\"https:\/\/muenster-zu-fuss.de\/wp-archiv\/wp-content\/uploads\/2021\/07\/20210705_190623-edited-scaled.jpg 2560w, https:\/\/muenster-zu-fuss.de\/wp-archiv\/wp-content\/uploads\/2021\/07\/20210705_190623-edited-300x169.jpg 300w, https:\/\/muenster-zu-fuss.de\/wp-archiv\/wp-content\/uploads\/2021\/07\/20210705_190623-edited-1024x576.jpg 1024w, https:\/\/muenster-zu-fuss.de\/wp-archiv\/wp-content\/uploads\/2021\/07\/20210705_190623-edited-768x432.jpg 768w, https:\/\/muenster-zu-fuss.de\/wp-archiv\/wp-content\/uploads\/2021\/07\/20210705_190623-edited-1536x864.jpg 1536w, https:\/\/muenster-zu-fuss.de\/wp-archiv\/wp-content\/uploads\/2021\/07\/20210705_190623-edited-2048x1152.jpg 2048w, https:\/\/muenster-zu-fuss.de\/wp-archiv\/wp-content\/uploads\/2021\/07\/20210705_190623-edited-1360x765.jpg 1360w\" sizes=\"auto, (max-width: 2560px) 100vw, 2560px\" \/><\/figure>\n\n\n\n<p>Am Geistmarkt legten wir eine kleine Ruhepause ein, die Thorsten mit k\u00fchlen Getr\u00e4nken auf seinem Lastenrad bestens vorbereitet hatte. Der Begriff Geistmarkt ist allerdings euphemistisch, denn Marktplatz darf der sch\u00f6n gelegene Platz nur zweimal w\u00f6chentlich f\u00fcr ein paar Stunden sein. Sonst ist er ein schn\u00f6der geteerter Parkplatz, der nur durch die Pflicht zur Parkscheibe daran hindert als Dauerstellplatz missbraucht zu werden. Es lie\u00dfen sich menschengerechtere Nutzungsm\u00f6glichkeiten denken, wom\u00f6glich mit ein paar schattenspendenden B\u00e4umen.<\/p>\n\n\n\n<figure class=\"wp-block-image size-large\"><img loading=\"lazy\" decoding=\"async\" width=\"2560\" height=\"1440\" src=\"https:\/\/muenster-zu-fuss.de\/wp-content\/uploads\/2021\/07\/20210722_171825-edited-scaled.jpg\" alt=\"\" class=\"wp-image-1596\" srcset=\"https:\/\/muenster-zu-fuss.de\/wp-archiv\/wp-content\/uploads\/2021\/07\/20210722_171825-edited-scaled.jpg 2560w, https:\/\/muenster-zu-fuss.de\/wp-archiv\/wp-content\/uploads\/2021\/07\/20210722_171825-edited-300x169.jpg 300w, https:\/\/muenster-zu-fuss.de\/wp-archiv\/wp-content\/uploads\/2021\/07\/20210722_171825-edited-1024x576.jpg 1024w, https:\/\/muenster-zu-fuss.de\/wp-archiv\/wp-content\/uploads\/2021\/07\/20210722_171825-edited-768x432.jpg 768w, https:\/\/muenster-zu-fuss.de\/wp-archiv\/wp-content\/uploads\/2021\/07\/20210722_171825-edited-1536x864.jpg 1536w, https:\/\/muenster-zu-fuss.de\/wp-archiv\/wp-content\/uploads\/2021\/07\/20210722_171825-edited-2048x1152.jpg 2048w, https:\/\/muenster-zu-fuss.de\/wp-archiv\/wp-content\/uploads\/2021\/07\/20210722_171825-edited-1360x765.jpg 1360w\" sizes=\"auto, (max-width: 2560px) 100vw, 2560px\" \/><figcaption>Gerade fertiggestellt: Der neu gestaltete Radweg vor der Ladenzeile am Geistmarkt. Jetzt rot gepflastert ehemalige Parkbuchten. Zuvor fuhr der Radverkehr in beiden Richtungen direkt vor den L\u00e4den vorbei. Die Aufenthaltsqualit\u00e4t wurde deutlich erh\u00f6ht. Sch\u00f6n auch die geschaffene Sitzgelegenheit unter den B\u00e4umen.<\/figcaption><\/figure>\n\n\n\n<p>Auf dem R\u00fcckweg \u00fcber die Hammer Stra\u00dfe \u201ebewunderten\u201c wir eine Bushaltestelle (Alter Sch\u00fctzenhoff stadtausw\u00e4rts), die in Verbindung mit abgestellten R\u00e4dern nur einen sehr schmalen Durchgang f\u00fcr Fu\u00dfgehende zulie\u00df. Das w\u00e4re auch anders gegangen, wenn man die Haltestelle etwas mehr in den an dieser Stelle mehrspurigen Stra\u00dfenraum verlegt h\u00e4tte.<\/p>\n\n\n\n<figure class=\"wp-block-gallery columns-2 is-cropped wp-block-gallery-2 is-layout-flex wp-block-gallery-is-layout-flex\"><ul class=\"blocks-gallery-grid\"><li class=\"blocks-gallery-item\"><figure><img loading=\"lazy\" decoding=\"async\" width=\"1024\" height=\"1024\" src=\"https:\/\/muenster-zu-fuss.de\/wp-content\/uploads\/2021\/07\/20201219_093821-1024x1024.jpg\" alt=\"\" data-id=\"1598\" data-link=\"https:\/\/muenster-zu-fuss.de\/2021\/07\/24\/stadtspaziergang-hammer-strasse-mit-josefine-paul\/20201219_093821\/\" class=\"wp-image-1598\" srcset=\"https:\/\/muenster-zu-fuss.de\/wp-archiv\/wp-content\/uploads\/2021\/07\/20201219_093821-1024x1024.jpg 1024w, https:\/\/muenster-zu-fuss.de\/wp-archiv\/wp-content\/uploads\/2021\/07\/20201219_093821-300x300.jpg 300w, https:\/\/muenster-zu-fuss.de\/wp-archiv\/wp-content\/uploads\/2021\/07\/20201219_093821-150x150.jpg 150w, https:\/\/muenster-zu-fuss.de\/wp-archiv\/wp-content\/uploads\/2021\/07\/20201219_093821-768x768.jpg 768w, https:\/\/muenster-zu-fuss.de\/wp-archiv\/wp-content\/uploads\/2021\/07\/20201219_093821-1536x1536.jpg 1536w, https:\/\/muenster-zu-fuss.de\/wp-archiv\/wp-content\/uploads\/2021\/07\/20201219_093821-2048x2048.jpg 2048w\" sizes=\"auto, (max-width: 1024px) 100vw, 1024px\" \/><\/figure><\/li><li class=\"blocks-gallery-item\"><figure><img loading=\"lazy\" decoding=\"async\" width=\"1024\" height=\"576\" src=\"https:\/\/muenster-zu-fuss.de\/wp-content\/uploads\/2021\/07\/DSC_2076-1024x576.jpg\" alt=\"\" data-id=\"1599\" data-full-url=\"https:\/\/muenster-zu-fuss.de\/wp-content\/uploads\/2021\/07\/DSC_2076-scaled.jpg\" data-link=\"https:\/\/muenster-zu-fuss.de\/2021\/07\/24\/stadtspaziergang-hammer-strasse-mit-josefine-paul\/dsc_2076\/\" class=\"wp-image-1599\" srcset=\"https:\/\/muenster-zu-fuss.de\/wp-archiv\/wp-content\/uploads\/2021\/07\/DSC_2076-1024x576.jpg 1024w, https:\/\/muenster-zu-fuss.de\/wp-archiv\/wp-content\/uploads\/2021\/07\/DSC_2076-300x169.jpg 300w, https:\/\/muenster-zu-fuss.de\/wp-archiv\/wp-content\/uploads\/2021\/07\/DSC_2076-768x432.jpg 768w, https:\/\/muenster-zu-fuss.de\/wp-archiv\/wp-content\/uploads\/2021\/07\/DSC_2076-1536x864.jpg 1536w, https:\/\/muenster-zu-fuss.de\/wp-archiv\/wp-content\/uploads\/2021\/07\/DSC_2076-2048x1152.jpg 2048w, https:\/\/muenster-zu-fuss.de\/wp-archiv\/wp-content\/uploads\/2021\/07\/DSC_2076-1360x765.jpg 1360w\" sizes=\"auto, (max-width: 1024px) 100vw, 1024px\" \/><\/figure><\/li><\/ul><figcaption class=\"blocks-gallery-caption\">Bushaltestelle Alter Sch\u00fctzenhof stadtausw\u00e4rts<\/figcaption><\/figure>\n\n\n\n<p>Insgesamt best\u00e4tigte sich allseits der Eindruck, dass die Stra\u00dfe mitsamt ihren Gesch\u00e4ften und Wohnungen \u2013 aber auch f\u00fcr Fu\u00dfgehende und Radfahrende \u2013 zu einer Toplage aufgewertet werden k\u00f6nnte, wenn man den motorisierten Individualverkehr auf ein vertr\u00e4gliches Ma\u00df zur\u00fcckdr\u00e4ngen w\u00fcrde. Besonders f\u00fcr die Gewerbetreibenden w\u00fcrde sich das auch finanziell lohnen. Leider <a href=\"https:\/\/www.iass-potsdam.de\/de\/news\/mobilitaet-beim-einkaufen-haendler-ueberschaetzen-rolle-des-autos\" target=\"_blank\" rel=\"noreferrer noopener\">\u00fcbersch\u00e4tzen H\u00e4ndler Rolle des Autos<\/a> jedoch meist und wehren sich zu ihrem eigenen Schaden gegen eine Aufwertung ihrer Lage.<\/p>\n\n\n\n<p>P\u00fcnktlich um 20:00 Uhr erreichten wir den Ausgangspunkt unseres Rundganges und bedankten uns bei allen f\u00fcr ihr wohlwollendes und auch fachkundiges Interesse sowie ihr Durchhalteverm\u00f6gen. Vielleicht wird man sich eines Tages an derselben Stelle wiedersehen, um die Fortschritte bei der Verkehrswende der Stadt M\u00fcnster bewundern zu k\u00f6nnen.<\/p>\n","protected":false},"excerpt":{"rendered":"<p>Ein Beitrag von FUSS e.V. Mitglied Ralph Klom Am 22.07.2021 hatte unsere Ortsgruppe Besuch: Aus dem Deutschen Bundestag Maria Klein-Schmeink<\/p>\n","protected":false},"author":3,"featured_media":1570,"comment_status":"open","ping_status":"open","sticky":false,"template":"","format":"standard","meta":{"footnotes":""},"categories":[1],"tags":[43],"class_list":["post-1561","post","type-post","status-publish","format-standard","has-post-thumbnail","hentry","category-muenster","tag-stadtspaziergang","comments-off"],"_links":{"self":[{"href":"https:\/\/muenster-zu-fuss.de\/wp-archiv\/wp-json\/wp\/v2\/posts\/1561","targetHints":{"allow":["GET"]}}],"collection":[{"href":"https:\/\/muenster-zu-fuss.de\/wp-archiv\/wp-json\/wp\/v2\/posts"}],"about":[{"href":"https:\/\/muenster-zu-fuss.de\/wp-archiv\/wp-json\/wp\/v2\/types\/post"}],"author":[{"embeddable":true,"href":"https:\/\/muenster-zu-fuss.de\/wp-archiv\/wp-json\/wp\/v2\/users\/3"}],"replies":[{"embeddable":true,"href":"https:\/\/muenster-zu-fuss.de\/wp-archiv\/wp-json\/wp\/v2\/comments?post=1561"}],"version-history":[{"count":19,"href":"https:\/\/muenster-zu-fuss.de\/wp-archiv\/wp-json\/wp\/v2\/posts\/1561\/revisions"}],"predecessor-version":[{"id":1604,"href":"https:\/\/muenster-zu-fuss.de\/wp-archiv\/wp-json\/wp\/v2\/posts\/1561\/revisions\/1604"}],"wp:featuredmedia":[{"embeddable":true,"href":"https:\/\/muenster-zu-fuss.de\/wp-archiv\/wp-json\/wp\/v2\/media\/1570"}],"wp:attachment":[{"href":"https:\/\/muenster-zu-fuss.de\/wp-archiv\/wp-json\/wp\/v2\/media?parent=1561"}],"wp:term":[{"taxonomy":"category","embeddable":true,"href":"https:\/\/muenster-zu-fuss.de\/wp-archiv\/wp-json\/wp\/v2\/categories?post=1561"},{"taxonomy":"post_tag","embeddable":true,"href":"https:\/\/muenster-zu-fuss.de\/wp-archiv\/wp-json\/wp\/v2\/tags?post=1561"}],"curies":[{"name":"wp","href":"https:\/\/api.w.org\/{rel}","templated":true}]}}