{"id":1607,"date":"2021-07-29T19:41:51","date_gmt":"2021-07-29T17:41:51","guid":{"rendered":"https:\/\/muenster-zu-fuss.de\/?p=1607"},"modified":"2021-07-29T19:41:51","modified_gmt":"2021-07-29T17:41:51","slug":"nachhaltige-urbane-mobilitaet-im-alltag","status":"publish","type":"post","link":"https:\/\/muenster-zu-fuss.de\/wp-archiv\/2021\/07\/29\/nachhaltige-urbane-mobilitaet-im-alltag\/","title":{"rendered":"Nachhaltige urbane Mobilit\u00e4t im Alltag"},"content":{"rendered":"\n<p>Wie kann der Anteil aktiver und nachhaltiger Mobilit\u00e4t \u2013 beispielsweise das Radfahren oder das Zufu\u00dfgehen \u2013 am Stadtverkehr steigen?<\/p>\n\n\n\n<blockquote class=\"wp-block-quote is-layout-flow wp-block-quote-is-layout-flow\"><p>Beispiel Fu\u00dfverkehr: Bei F\u00f6rderma\u00dfnahmen des Fu\u00dfverkehrs sind nicht nur ausreichend dimensionierte Gehwege, sichere Querungen und eine m\u00f6glichst direkte Wegeverbindung wichtig. Was z\u00e4hlt, ist auch die wahrgenommene Umgebung, die l\u00e4rmarm, sozial sicher und erlebnisreich gestaltet werden sollte. Doch obwohl der Fu\u00dfweg zur Haltestelle eine besonders wichtige Rolle spielt, wird er in den Planungen der Verkehrsbetriebe, aber auch in der kommunalen Verkehrsplanung bislang kaum systematisch in den Blick genommen. Die Gestaltung des Umfeldes von Haltestellen, beispielsweise hinsichtlich der Wegedistanzen oder Wartezeiten an Stra\u00dfen\u00fcberg\u00e4ngen, kann die Akzeptanz \u00f6ffentlicher Verkehrsangebote ganz ma\u00dfgeblich positiv beeinflussen.<\/p><cite>Von <a rel=\"noreferrer noopener\" href=\"https:\/\/difu.de\/projekte\/nachhaltige-urbane-mobilitaet-im-alltag\" target=\"_blank\">Deutsches Institut f\u00fcr Urbanistik gGmbH<\/a><\/cite><\/blockquote>\n\n\n\n<figure class=\"wp-block-embed is-type-rich is-provider-twitter wp-block-embed-twitter\"><div class=\"wp-block-embed__wrapper\">\n<blockquote class=\"twitter-tweet\" data-width=\"550\" data-dnt=\"true\"><p lang=\"de\" dir=\"ltr\">Die Gestaltung des Umfeldes von Haltestellen, beispielsweise hinsichtlich der Wegedistanzen oder Wartezeiten an Stra\u00dfen\u00fcberg\u00e4ngen, kann die Akzeptanz \u00f6ffentlicher Verkehrsangebote ganz ma\u00dfgeblich positiv beeinflussen <a href=\"https:\/\/twitter.com\/muenster_de?ref_src=twsrc%5Etfw\">@muenster_de<\/a> <a href=\"https:\/\/twitter.com\/stadtwerke_ms?ref_src=twsrc%5Etfw\">@stadtwerke_ms<\/a> <a href=\"https:\/\/t.co\/i1n2P9eJsr\">https:\/\/t.co\/i1n2P9eJsr<\/a><\/p>&mdash; M\u00fcnster zu Fuss (@MuensterZuFuss) <a href=\"https:\/\/twitter.com\/MuensterZuFuss\/status\/1420796995359363073?ref_src=twsrc%5Etfw\">July 29, 2021<\/a><\/blockquote><script async src=\"https:\/\/platform.twitter.com\/widgets.js\" charset=\"utf-8\"><\/script>\n<\/div><\/figure>\n","protected":false},"excerpt":{"rendered":"<p>Wie kann der Anteil aktiver und nachhaltiger Mobilit\u00e4t \u2013 beispielsweise das Radfahren oder das Zufu\u00dfgehen \u2013 am Stadtverkehr steigen? Beispiel<\/p>\n","protected":false},"author":3,"featured_media":1609,"comment_status":"open","ping_status":"open","sticky":false,"template":"","format":"standard","meta":{"footnotes":""},"categories":[20,8],"tags":[45,17,44],"class_list":["post-1607","post","type-post","status-publish","format-standard","has-post-thumbnail","hentry","category-forschung-und-publikationen","category-verkehrspolitik","tag-alltag","tag-mobilitaet","tag-urban","comments-off"],"_links":{"self":[{"href":"https:\/\/muenster-zu-fuss.de\/wp-archiv\/wp-json\/wp\/v2\/posts\/1607","targetHints":{"allow":["GET"]}}],"collection":[{"href":"https:\/\/muenster-zu-fuss.de\/wp-archiv\/wp-json\/wp\/v2\/posts"}],"about":[{"href":"https:\/\/muenster-zu-fuss.de\/wp-archiv\/wp-json\/wp\/v2\/types\/post"}],"author":[{"embeddable":true,"href":"https:\/\/muenster-zu-fuss.de\/wp-archiv\/wp-json\/wp\/v2\/users\/3"}],"replies":[{"embeddable":true,"href":"https:\/\/muenster-zu-fuss.de\/wp-archiv\/wp-json\/wp\/v2\/comments?post=1607"}],"version-history":[{"count":2,"href":"https:\/\/muenster-zu-fuss.de\/wp-archiv\/wp-json\/wp\/v2\/posts\/1607\/revisions"}],"predecessor-version":[{"id":1715,"href":"https:\/\/muenster-zu-fuss.de\/wp-archiv\/wp-json\/wp\/v2\/posts\/1607\/revisions\/1715"}],"wp:featuredmedia":[{"embeddable":true,"href":"https:\/\/muenster-zu-fuss.de\/wp-archiv\/wp-json\/wp\/v2\/media\/1609"}],"wp:attachment":[{"href":"https:\/\/muenster-zu-fuss.de\/wp-archiv\/wp-json\/wp\/v2\/media?parent=1607"}],"wp:term":[{"taxonomy":"category","embeddable":true,"href":"https:\/\/muenster-zu-fuss.de\/wp-archiv\/wp-json\/wp\/v2\/categories?post=1607"},{"taxonomy":"post_tag","embeddable":true,"href":"https:\/\/muenster-zu-fuss.de\/wp-archiv\/wp-json\/wp\/v2\/tags?post=1607"}],"curies":[{"name":"wp","href":"https:\/\/api.w.org\/{rel}","templated":true}]}}